[{"command":"add_js","selector":"body","data":[{"src":"\/sites\/default\/files\/js\/js_64-oyrCCWUXMXKWUMrG-CgTR6upR7WmHE3eccL85Po4.js?scope=footer\u0026delta=0\u0026language=fr\u0026theme=gnolus\u0026include=eJxLz8vPKS3Wzy_PcU4syi8tTs0BAEWDB1g"}]},{"command":"readMessage","commentaire":"\n\n\n\u003Cdiv class=\u0022block-caches-detail-info\u0022\u003E\n  \u003Cp\u003E\n    \u003Cimg src=\u0022https:\/\/www.lesgnolus.fr\/sites\/default\/files\/themes_list\/opinell_medaillon.svg\u0022 width=\u0022100\u0022 height=\u0022100\u0022 alt=\u0022Savoir-faire\u0022 class=\u0022image-radius image-border image-shadow\u0022\/\u003E\n  \u003C\/p\u003E\n  \u003Cspan class=\u0022node-cache-title\u0022\u003EIl n\u2019y a que la maille qui m\u2019aille...\u003C\/span\u003E \u003Cbr\u003E\n  \u003Cspan\u003ER\u00e9ussi le 21 f\u00e9vrier  2025\u003C\/span\u003E\n\u003C\/div\u003E\n\n\u003Cdiv class=\u0022block-caches-detail-comment\u0022\u003E\n  \n    \u003Cp\u003E\n\n            \n      Le moins que l\u0026#039;on puisse dire c\u0026#039;est que cette chasse aux Gnolus nous aura fait voyager ! Nous ne pensions pas d\u00e9couvrir un petit parc aussi atypique dans cette ville au pass\u00e9 industriel si r...\n\n    \u003C\/p\u003E\n\n          \u003Ca data-open=\u0022moreComment\u0022 class=\u0022block-caches-detail-comment-more js-profile-open-comment\u0022\u003ELire la suite\u003C\/a\u003E\n    \n  \u003C\/div\u003E\n\n\u003Cdiv class=\u0022block-caches-detail-pictures\u0022\u003E\n\n  \n\u003C\/div\u003E\n","commentaire_text":"Le moins que l\u0027on puisse dire c\u0027est que cette chasse aux Gnolus nous aura fait voyager ! Nous ne pensions pas d\u00e9couvrir un petit parc aussi atypique dans cette ville au pass\u00e9 industriel si reconnu. Mais entre les arbres g\u00e9ants et les anecdotes historiques, nous avons tiss\u00e9 sans mal notre fil jusqu\u0027\u00e0 la cache !","idcache":"93"}]