[{"command":"add_js","selector":"body","data":[{"src":"\/sites\/default\/files\/js\/js_64-oyrCCWUXMXKWUMrG-CgTR6upR7WmHE3eccL85Po4.js?scope=footer\u0026delta=0\u0026language=fr\u0026theme=gnolus\u0026include=eJxLz8vPKS3Wzy_PcU4syi8tTs0BAEWDB1g"}]},{"command":"readMessage","commentaire":"\n\n\n\u003Cdiv class=\u0022block-caches-detail-info\u0022\u003E\n  \u003Cp\u003E\n    \u003Cimg src=\u0022https:\/\/www.lesgnolus.fr\/sites\/default\/files\/themes_list\/sooshi_medaillon.svg\u0022 width=\u0022100\u0022 height=\u0022100\u0022 alt=\u0022Au bord de l\u0026#039;eau\u0022 class=\u0022image-radius image-border image-shadow\u0022\/\u003E\n  \u003C\/p\u003E\n  \u003Cspan class=\u0022node-cache-title\u0022\u003EL\u2019arroseur \u00e0 Ronzey\u003C\/span\u003E \u003Cbr\u003E\n  \u003Cspan\u003ER\u00e9ussi le 19 novembre  2023\u003C\/span\u003E\n\u003C\/div\u003E\n\n\u003Cdiv class=\u0022block-caches-detail-comment\u0022\u003E\n  \n    \u003Cp\u003E\n\n            \n      Promenade tr\u00e8s agr\u00e9able. Les enfants ont ador\u00e9,  entre lac et petits chemins de ronde. De magnifiques panoramas aux belles couleurs de l\u0026#039;automne.  Nous avons pu profit\u00e9 du march\u00e9 et de la tr...\n\n    \u003C\/p\u003E\n\n          \u003Ca data-open=\u0022moreComment\u0022 class=\u0022block-caches-detail-comment-more js-profile-open-comment\u0022\u003ELire la suite\u003C\/a\u003E\n    \n  \u003C\/div\u003E\n\n\u003Cdiv class=\u0022block-caches-detail-pictures\u0022\u003E\n\n      \u003Cdiv class=\u0022owl-carousel owl-theme owl-caches-pictures\u0022\u003E\n              \u003Cdiv class=\u0022item block-caches-detail-pictures-item\u0022\u003E\n          \u003Ca href=\u0022\/sites\/default\/files\/caches_commentaires\/2023-11\/59229-larroseur-ronzey-39986-14-0.jpg\u0022 class=\u0022colorbox block-caches-detail-pictures-link\u0022 data-colorbox-gallery=\u0022best-photo\u0022\u003E\n            \u003Cimg src=\u0022\/sites\/default\/files\/styles\/medium\/public\/caches_commentaires\/2023-11\/59229-larroseur-ronzey-39986-14-0.jpg?itok=tY04cxfI\u0022 class=\u0022image-border image-shadow block-caches-detail-pictures-image\u0022\/\u003E\n          \u003C\/a\u003E\n        \u003C\/div\u003E\n          \u003C\/div\u003E\n  \n\u003C\/div\u003E\n","commentaire_text":"Promenade tr\u00e8s agr\u00e9able. Les enfants ont ador\u00e9,  entre lac et petits chemins de ronde. De magnifiques panoramas aux belles couleurs de l\u0027automne.  Nous avons pu profit\u00e9 du march\u00e9 et de la tr\u00e8s bonne boulangerie du village.","idcache":"14"}]