[{"command":"add_js","selector":"body","data":[{"src":"\/sites\/default\/files\/js\/js_64-oyrCCWUXMXKWUMrG-CgTR6upR7WmHE3eccL85Po4.js?scope=footer\u0026delta=0\u0026language=fr\u0026theme=gnolus\u0026include=eJxLz8vPKS3Wzy_PcU4syi8tTs0BAEWDB1g"}]},{"command":"readMessage","commentaire":"\n\n\n\u003Cdiv class=\u0022block-caches-detail-info\u0022\u003E\n  \u003Cp\u003E\n    \u003Cimg src=\u0022https:\/\/www.lesgnolus.fr\/sites\/default\/files\/themes_list\/opinell_medaillon.svg\u0022 width=\u0022100\u0022 height=\u0022100\u0022 alt=\u0022Savoir-faire\u0022 class=\u0022image-radius image-border image-shadow\u0022\/\u003E\n  \u003C\/p\u003E\n  \u003Cspan class=\u0022node-cache-title\u0022\u003ELa mousseline, c\u2019est coton !\u003C\/span\u003E \u003Cbr\u003E\n  \u003Cspan\u003ER\u00e9ussi le 21 f\u00e9vrier  2025\u003C\/span\u003E\n\u003C\/div\u003E\n\n\u003Cdiv class=\u0022block-caches-detail-comment\u0022\u003E\n  \n    \u003Cp\u003E\n\n            \n      Pour continuer notre d\u00e9couverte du pass\u00e9 industriel de la r\u00e9gion, nous nous sommes arr\u00eat\u00e9s \u00e0 Tarare. Dans cette ville ne se cache pas seulement un gnolu puisque nous avons pu y croiser des c...\n\n    \u003C\/p\u003E\n\n          \u003Ca data-open=\u0022moreComment\u0022 class=\u0022block-caches-detail-comment-more js-profile-open-comment\u0022\u003ELire la suite\u003C\/a\u003E\n    \n  \u003C\/div\u003E\n\n\u003Cdiv class=\u0022block-caches-detail-pictures\u0022\u003E\n\n  \n\u003C\/div\u003E\n","commentaire_text":"Pour continuer notre d\u00e9couverte du pass\u00e9 industriel de la r\u00e9gion, nous nous sommes arr\u00eat\u00e9s \u00e0 Tarare. Dans cette ville ne se cache pas seulement un gnolu puisque nous avons pu y croiser des cervid\u00e9s, des fresques et de petites rues pi\u00e9tonnes color\u00e9es. Et comme ces histoires de mousseline nous ont donn\u00e9 faim, nous nous sommes m\u00eame attard\u00e9s dans un petit salon de th\u00e9 tr\u00e8s sympa !","idcache":"123"}]