[{"command":"add_js","selector":"body","data":[{"src":"\/sites\/default\/files\/js\/js_64-oyrCCWUXMXKWUMrG-CgTR6upR7WmHE3eccL85Po4.js?scope=footer\u0026delta=0\u0026language=fr\u0026theme=gnolus\u0026include=eJxLz8vPKS3Wzy_PcU4syi8tTs0BAEWDB1g"}]},{"command":"readMessage","commentaire":"\n\n\n\u003Cdiv class=\u0022block-caches-detail-info\u0022\u003E\n  \u003Cp\u003E\n    \u003Cimg src=\u0022https:\/\/www.lesgnolus.fr\/sites\/default\/files\/themes_list\/beta-medaillon.svg\u0022 width=\u0022100\u0022 height=\u0022100\u0022 alt=\u0022Animaux\u0022 class=\u0022image-radius image-border image-shadow\u0022\/\u003E\n  \u003C\/p\u003E\n  \u003Cspan class=\u0022node-cache-title\u0022\u003EL\u0026#039;habit ne fait pas le moineau\u2026\u003C\/span\u003E \u003Cbr\u003E\n  \u003Cspan\u003ER\u00e9ussi le 01 janvier  2024\u003C\/span\u003E\n\u003C\/div\u003E\n\n\u003Cdiv class=\u0022block-caches-detail-comment\u0022\u003E\n  \n    \u003Cp\u003E\n\n            \n      Premier Gnolu captur\u00e9 de l\u0026#039;ann\u00e9e, et nous n\u0026#039;avons pas d\u00e9m\u00e9rit\u00e9 ! Cette petite marche pour d\u00e9couvrir des parcs de la ville, ses habitants \u00e0 plumes, et surtout leurs nichoirs, nous aura revigo...\n\n    \u003C\/p\u003E\n\n          \u003Ca data-open=\u0022moreComment\u0022 class=\u0022block-caches-detail-comment-more js-profile-open-comment\u0022\u003ELire la suite\u003C\/a\u003E\n    \n  \u003C\/div\u003E\n\n\u003Cdiv class=\u0022block-caches-detail-pictures\u0022\u003E\n\n  \n\u003C\/div\u003E\n","commentaire_text":"Premier Gnolu captur\u00e9 de l\u0027ann\u00e9e, et nous n\u0027avons pas d\u00e9m\u00e9rit\u00e9 ! Cette petite marche pour d\u00e9couvrir des parcs de la ville, ses habitants \u00e0 plumes, et surtout leurs nichoirs, nous aura revigor\u00e9s. La saison de chasse aux c\u00f4t\u00e9s de la L.I.G 2024 s\u0027annonce m\u00e9morable !","idcache":"111"}]