[{"command":"add_js","selector":"body","data":[{"src":"\/sites\/default\/files\/js\/js_64-oyrCCWUXMXKWUMrG-CgTR6upR7WmHE3eccL85Po4.js?scope=footer\u0026delta=0\u0026language=fr\u0026theme=gnolus\u0026include=eJxLz8vPKS3Wzy_PcU4syi8tTs0BAEWDB1g"}]},{"command":"readMessage","commentaire":"\n\n\n\u003Cdiv class=\u0022block-caches-detail-info\u0022\u003E\n  \u003Cp\u003E\n    \u003Cimg src=\u0022https:\/\/www.lesgnolus.fr\/sites\/default\/files\/themes_list\/graal_medaillon.svg\u0022 width=\u0022100\u0022 height=\u0022100\u0022 alt=\u0022Histoire \u0026amp; monuments\u0022 class=\u0022image-radius image-border image-shadow\u0022\/\u003E\n  \u003C\/p\u003E\n  \u003Cspan class=\u0022node-cache-title\u0022\u003ELaurentinois cherche des noises\u003C\/span\u003E \u003Cbr\u003E\n  \u003Cspan\u003ER\u00e9ussi le 09 avril  2023\u003C\/span\u003E\n\u003C\/div\u003E\n\n\u003Cdiv class=\u0022block-caches-detail-comment\u0022\u003E\n  \n    \u003Cp\u003E\n\n            \n      Premier Gnolu \u00e0 envahir l\u0026#039;Est Lyonnais, nous ne pouvions pas attendre pour aller le capturer. Le parcours ne dure pas tr\u00e8s longtemps mais certaines des \u00e9nigmes sont plut\u00f4t recherch\u00e9es, et po...\n\n    \u003C\/p\u003E\n\n          \u003Ca data-open=\u0022moreComment\u0022 class=\u0022block-caches-detail-comment-more js-profile-open-comment\u0022\u003ELire la suite\u003C\/a\u003E\n    \n  \u003C\/div\u003E\n\n\u003Cdiv class=\u0022block-caches-detail-pictures\u0022\u003E\n\n  \n\u003C\/div\u003E\n","commentaire_text":"Premier Gnolu \u00e0 envahir l\u0027Est Lyonnais, nous ne pouvions pas attendre pour aller le capturer. Le parcours ne dure pas tr\u00e8s longtemps mais certaines des \u00e9nigmes sont plut\u00f4t recherch\u00e9es, et pour trouver Gra\u00e2l il ne faut pas se d\u00e9courager. Heureusement le soleil \u00e9tait avec nous !","idcache":"100"}]